{"id":9004111228746637,"date":"2025-09-12T16:17:34","date_gmt":"2025-09-12T14:17:34","guid":{"rendered":"https:\/\/subtile.style\/rouler-froisser-plier-de-marion-delaporte-et-alex-palenski-ouverture-le-18-septembre-2025\/"},"modified":"2025-09-12T16:17:34","modified_gmt":"2025-09-12T14:17:34","slug":"rouler-froisser-plier-de-marion-delaporte-et-alex-palenski-ouverture-le-18-septembre-2025","status":"publish","type":"post","link":"https:\/\/new.subtile.style\/?p=9004111228746637","title":{"rendered":"Rouler, froisser, plier de Marion Delaporte et Alex Palenski &#8211; Ouverture le 18 septembre 2025"},"content":{"rendered":"<p><em><strong>\u00ab To Roll, to Crease, to Fold \u00bb<\/strong><\/em> propose une exploration du mouvement, du dessin et de l&#8217;acte cr\u00e9atif, \u00e0 travers les \u0153uvres de <strong>Marion Delaporte<\/strong> et <strong>Alex Palenski<\/strong>. Inspir\u00e9e par \u00ab Verblist \u00bb de Richard Serra, cette exposition explore la relation entre geste, sculpture et processus. Marion et Alex pr\u00e9sentent un \u00e9ventail d&#8217;\u0153uvres allant de la sculpture au dessin, invitant le public \u00e0 contempler la chor\u00e9graphie inh\u00e9rente \u00e0 l&#8217;acte cr\u00e9atif.  <\/p>\n<p><img fetchpriority=\"high\" decoding=\"async\" class=\"aligncenter wp-image-9004111228745345\" src=\"https:\/\/subtile.style\/wp-content\/uploads\/2025\/09\/WhatsApp-Image-2025-07-14-at-11.26.01.jpeg\" alt=\"Mots de sculpture Serra\" width=\"543\" height=\"344\" srcset=\"https:\/\/new.subtile.style\/wp-content\/uploads\/2025\/09\/WhatsApp-Image-2025-07-14-at-11.26.01.jpeg 2000w, https:\/\/new.subtile.style\/wp-content\/uploads\/2025\/09\/WhatsApp-Image-2025-07-14-at-11.26.01-300x190.jpeg 300w, https:\/\/new.subtile.style\/wp-content\/uploads\/2025\/09\/WhatsApp-Image-2025-07-14-at-11.26.01-1024x648.jpeg 1024w, https:\/\/new.subtile.style\/wp-content\/uploads\/2025\/09\/WhatsApp-Image-2025-07-14-at-11.26.01-768x486.jpeg 768w, https:\/\/new.subtile.style\/wp-content\/uploads\/2025\/09\/WhatsApp-Image-2025-07-14-at-11.26.01-1536x972.jpeg 1536w\" sizes=\"(max-width: 543px) 100vw, 543px\" \/><\/p>\n<p><strong>Marion Delaporte<\/strong>, artiste et architecte vivant entre Londres et le Luxembourg, puise son inspiration dans les notations et les gestes de la danse. Son travail explore la traduction de dessins bidimensionnels en sculptures m\u00e9talliques tridimensionnelles, cr\u00e9ant un dialogue entre ligne et forme. Marion cherche \u00e0 construire \u00e0 la mani\u00e8re d&#8217;une danse, <strong>traduisant la fluidit\u00e9 et le dynamisme du mouvement en sculptures architecturales<\/strong>.  <\/p>\n<p><img decoding=\"async\" class=\"aligncenter wp-image-9004111228745341\" src=\"https:\/\/subtile.style\/wp-content\/uploads\/2025\/09\/WhatsApp-Image-2025-06-17-at-10.00.24.jpeg\" alt=\"sculptures de Marion Delaporte\" width=\"479\" height=\"339\"><\/p>\n<p><img decoding=\"async\" class=\"aligncenter wp-image-9004111228745339\" src=\"https:\/\/subtile.style\/wp-content\/uploads\/2025\/09\/WhatsApp-Image-2025-06-03-at-18.26.10.jpeg\" alt=\"Marion Delaporte\" width=\"656\" height=\"360\"><\/p>\n<p><img loading=\"lazy\" decoding=\"async\" class=\"aligncenter wp-image-9004111228745641\" src=\"https:\/\/subtile.style\/wp-content\/uploads\/2025\/09\/843A5167-0127-4E3A-9907-D5E5ACE229A5-scaled.jpeg\" alt=\"Chandeliers Marion Delaporte\" width=\"736\" height=\"981\"><\/p>\n<p>Subtile est heureux d&#8217;accueillir \u00e0 nouveau Marion, apr\u00e8s le lancement de ses captivantes lampes \u00ab Cocoon \u00bb en mars 2023, qui ont fascin\u00e9 un large public.<\/p>\n<figure id=\"attachment_9004111228745602\" aria-describedby=\"caption-attachment-9004111228745602\" style=\"width: 292px\" class=\"wp-caption aligncenter\"><img loading=\"lazy\" decoding=\"async\" class=\" wp-image-9004111228745602\" src=\"https:\/\/subtile.style\/wp-content\/uploads\/2025\/09\/IMG_0593-e1757685338925.jpg\" alt=\"marion Delaporte\" width=\"292\" height=\"532\"><figcaption id=\"caption-attachment-9004111228745602\" class=\"wp-caption-text\">Marion Delaporte @Subtile Gallery<\/figcaption><\/figure>\n<p><em><strong>Alex Palenski<\/strong><\/em>, se d\u00e9finissant \u00e0 la fois comme <strong>constructeur et artisan m\u00e9tallurgiste<\/strong>, est passionn\u00e9 par les mat\u00e9riaux qu&#8217;il utilise. Acier, aluminium, laiton et cuivre sont d\u00e9coup\u00e9s, pli\u00e9s, martel\u00e9s, soud\u00e9s, polis et patin\u00e9s, t\u00e9moignant de sa qu\u00eate constante de perfectionnement. Ses sculptures cin\u00e9tiques capturent les mouvements subtils de l&#8217;air et de la lumi\u00e8re, refl\u00e9tant sa fascination pour l&#8217;\u00e9quilibre, l&#8217;effet de levier et la masse. Inspir\u00e9 par Calder, il cr\u00e9e des mobiles d\u00e9licats mais \u00e0 la structure solide qui ornent des collections du monde entier.  <\/p>\n<figure id=\"attachment_9004111228745643\" aria-describedby=\"caption-attachment-9004111228745643\" style=\"width: 330px\" class=\"wp-caption aligncenter\"><img loading=\"lazy\" decoding=\"async\" class=\"wp-image-9004111228745643\" src=\"https:\/\/subtile.style\/wp-content\/uploads\/2025\/09\/IMG_3332-1-scaled.jpg\" alt=\"Alex Palenski\" width=\"330\" height=\"440\"><figcaption id=\"caption-attachment-9004111228745643\" class=\"wp-caption-text\">Alex Palenski dans son atelier \u00e0 Paris<\/figcaption><\/figure>\n<p>Alex exposera pour la deuxi\u00e8me fois dans notre galerie, apr\u00e8s le succ\u00e8s de son exposition en novembre 2021.<\/p>\n<p><img loading=\"lazy\" decoding=\"async\" class=\"aligncenter wp-image-9004111228745645\" src=\"https:\/\/subtile.style\/wp-content\/uploads\/2025\/09\/Image-10-1.jpg\" alt=\"Alex Palenski Subtile Gallery\" width=\"372\" height=\"661\"><\/p>\n<p><img loading=\"lazy\" decoding=\"async\" class=\"aligncenter wp-image-9004111228745598\" src=\"https:\/\/subtile.style\/wp-content\/uploads\/2025\/09\/IMG_0588.jpg\" alt=\"Alex Palenski\" width=\"649\" height=\"644\"><\/p>\n<p>&nbsp;<\/p>\n<figure id=\"attachment_9004111228745594\" aria-describedby=\"caption-attachment-9004111228745594\" style=\"width: 636px\" class=\"wp-caption aligncenter\"><img loading=\"lazy\" decoding=\"async\" class=\"wp-image-9004111228745594\" src=\"https:\/\/subtile.style\/wp-content\/uploads\/2025\/09\/IMG_0587.jpg\" alt=\"Alex Palenski\" width=\"636\" height=\"635\"><figcaption id=\"caption-attachment-9004111228745594\" class=\"wp-caption-text\">Outdoor Mobile install\u00e9 \u00e0 Gordes<\/figcaption><\/figure>\n<p>&nbsp;<\/p>\n<figure id=\"attachment_9004111228745600\" aria-describedby=\"caption-attachment-9004111228745600\" style=\"width: 599px\" class=\"wp-caption aligncenter\"><img loading=\"lazy\" decoding=\"async\" class=\"wp-image-9004111228745600\" src=\"https:\/\/subtile.style\/wp-content\/uploads\/2025\/09\/IMG_0589.jpg\" alt=\"Alex Palenski, Piaget collection\" width=\"599\" height=\"578\"><figcaption id=\"caption-attachment-9004111228745600\" class=\"wp-caption-text\">\u00ab Jeu de formes \u00bb, con\u00e7ue en collaboration avec le sculpteur fran\u00e7ais Alex Palenski pour Piaget, horloge de table cin\u00e9tique<\/figcaption><\/figure>\n<p><strong>Ensemble, le travail de Marion et Alex offre une perspective unique sur le processus artistique, mettant en \u00e9vidence l&#8217;intersection du dessin, de la sculpture et du corps en mouvement.<\/strong><\/p>\n<p>L&#8217;exposition <b>ouvre ses portes le 18 septembre 2025 et se poursuit jusqu&#8217;au 12 octobre 2025<\/b>. Nous vous invitons \u00e0 nous rejoindre pour le <b><span style=\"text-decoration: underline;\">vernissage<\/span> en pr\u00e9sence des artistes le <span style=\"text-decoration: underline;\">jeudi 18 septembre, de 18h \u00e0 21h.<\/span><\/b><\/p>\n<div><\/div>\n<div>Nous avons h\u00e2te de vous accueillir avec Marion et Alex ! Dites-nous si vous souhaitez nous rejoindre : <span style=\"text-decoration: underline;\"><strong><a href=\"mailto:info@subtile.style\">info@subtile.style<\/a><\/strong><\/span> <\/div>\n","protected":false},"excerpt":{"rendered":"<p>\u00ab To Roll, to Crease, to Fold \u00bb propose une exploration du mouvement, du dessin et de l&#8217;acte cr\u00e9atif, \u00e0 travers les \u0153uvres de Marion Delaporte et Alex Palenski. Inspir\u00e9e par \u00ab Verblist \u00bb de Richard Serra, cette exposition explore la relation entre geste, sculpture et processus. Marion et Alex pr\u00e9sentent un \u00e9ventail d&#8217;\u0153uvres allant [&hellip;]<\/p>\n","protected":false},"author":1,"featured_media":9004111228745662,"comment_status":"closed","ping_status":"closed","sticky":false,"template":"","format":"standard","meta":{"_acf_changed":false,"_seopress_robots_primary_cat":"","_seopress_titles_title":"","_seopress_titles_desc":"","_seopress_robots_index":"","_surecart_dashboard_logo_width":"180px","_surecart_dashboard_show_logo":true,"_surecart_dashboard_navigation_orders":true,"_surecart_dashboard_navigation_invoices":true,"_surecart_dashboard_navigation_subscriptions":true,"_surecart_dashboard_navigation_downloads":true,"_surecart_dashboard_navigation_billing":true,"_surecart_dashboard_navigation_account":true,"footnotes":""},"categories":[240],"tags":[241,242,243,244,245,239],"class_list":["post-9004111228746637","post","type-post","status-publish","format-standard","has-post-thumbnail","hentry","category-actualites-art-design","tag-alex-palenski-fr","tag-design-fr","tag-marion-delaporte-fr","tag-metal-fr","tag-mobiles-fr","tag-sculpture-fr"],"acf":[],"_links":{"self":[{"href":"https:\/\/new.subtile.style\/index.php?rest_route=\/wp\/v2\/posts\/9004111228746637","targetHints":{"allow":["GET"]}}],"collection":[{"href":"https:\/\/new.subtile.style\/index.php?rest_route=\/wp\/v2\/posts"}],"about":[{"href":"https:\/\/new.subtile.style\/index.php?rest_route=\/wp\/v2\/types\/post"}],"author":[{"embeddable":true,"href":"https:\/\/new.subtile.style\/index.php?rest_route=\/wp\/v2\/users\/1"}],"replies":[{"embeddable":true,"href":"https:\/\/new.subtile.style\/index.php?rest_route=%2Fwp%2Fv2%2Fcomments&post=9004111228746637"}],"version-history":[{"count":0,"href":"https:\/\/new.subtile.style\/index.php?rest_route=\/wp\/v2\/posts\/9004111228746637\/revisions"}],"wp:featuredmedia":[{"embeddable":true,"href":"https:\/\/new.subtile.style\/index.php?rest_route=\/wp\/v2\/media\/9004111228745662"}],"wp:attachment":[{"href":"https:\/\/new.subtile.style\/index.php?rest_route=%2Fwp%2Fv2%2Fmedia&parent=9004111228746637"}],"wp:term":[{"taxonomy":"category","embeddable":true,"href":"https:\/\/new.subtile.style\/index.php?rest_route=%2Fwp%2Fv2%2Fcategories&post=9004111228746637"},{"taxonomy":"post_tag","embeddable":true,"href":"https:\/\/new.subtile.style\/index.php?rest_route=%2Fwp%2Fv2%2Ftags&post=9004111228746637"}],"curies":[{"name":"wp","href":"https:\/\/api.w.org\/{rel}","templated":true}]}}