{"id":9004111228746628,"date":"2025-09-13T16:06:25","date_gmt":"2025-09-13T14:06:25","guid":{"rendered":"https:\/\/subtile.style\/atelier-creatif-renouez-avec-votre-vitalite-dessinez-une-fleur\/"},"modified":"2025-09-13T16:06:25","modified_gmt":"2025-09-13T14:06:25","slug":"atelier-creatif-renouez-avec-votre-vitalite-dessinez-une-fleur","status":"publish","type":"post","link":"https:\/\/new.subtile.style\/?p=9004111228746628","title":{"rendered":"Atelier cr\u00e9atif : Renouez avec votre vitalit\u00e9, Dessinez une Fleur !"},"content":{"rendered":"<h3 style=\"text-align: center;\"><span style=\"color: #339966;\"><strong>Lorsque les fleurs s\u2019\u00e9veillent, elles nous rappellent notre propre beaut\u00e9. Passant de la beaut\u00e9 de la forme (ext\u00e9rieure) \u00e0 celle de notre \u00eatre le plus profond (int\u00e9rieur), ils r\u00e9v\u00e8lent notre v\u00e9rit\u00e9. Car le beau est vrai, et les fleurs sont le miroir de l&#8217;\u00e2me.<\/strong><\/span><\/h3>\n<p>Lib\u00e9rez votre beaut\u00e9 int\u00e9rieure ! Rejoignez Vanina Gallo pour un atelier cr\u00e9atif o\u00f9 vous d\u00e9couvrirez et dessinerez votre propre fleur unique, explorant ses qualit\u00e9s cach\u00e9es. Renouez avec votre vitalit\u00e9 et exprimez-vous \u00e0 travers l&#8217;art.<\/p>\n<p>La fleur, symbole de beaut\u00e9 et d\u2019\u00e9panouissement, manifeste une r\u00e9alit\u00e9 visc\u00e9rale : le d\u00e9ploiement de notre <strong>\u00e9nergie vitale et psychique<\/strong> refl\u00e8te la nature elle-m\u00eame, se d\u00e9pla\u00e7ant de l\u2019int\u00e9rieur vers l\u2019ext\u00e9rieur.<\/p>\n<figure id=\"attachment_9004111228745766\" aria-describedby=\"caption-attachment-9004111228745766\" style=\"width: 351px\" class=\"wp-caption aligncenter\"><img fetchpriority=\"high\" decoding=\"async\" class=\" wp-image-9004111228745766\" src=\"https:\/\/subtile.style\/wp-content\/uploads\/2025\/09\/vina-photo.jpg\" alt=\"fleur Vanina Gallo\" width=\"351\" height=\"231\"><figcaption id=\"caption-attachment-9004111228745766\" class=\"wp-caption-text\">Vanina Gallo<\/figcaption><\/figure>\n<p><b>Aper\u00e7u de l&#8217;atelier :<\/b><\/p>\n<p>\u2022 Visualisation guid\u00e9e pour d\u00e9couvrir votre fleur<\/p>\n<p>\u2022 Introduction aux principes graphiques pour un dessin agr\u00e9able<\/p>\n<p>\u2022 Dessiner votre fleur<\/p>\n<p>\u2022 Identifier les qualit\u00e9s exprim\u00e9es dans la fleur et son dessin<\/p>\n<p>\u2022 R\u00e9sumer l\u2019essence de votre fleur \u00e0 travers un texte court et po\u00e9tique<\/p>\n<p>Vanina a acquis des comp\u00e9tences diversifi\u00e9es : dessin, graphisme, facilitation graphique, coaching, formation, conseil, r\u00e9daction, etc. De cette combinaison \u00e9mane un processus original de mise en forme de productions visuelles ambitieuses et porteuses de sens.<\/p>\n<p>R\u00e9servez votre agenda : 2 dates =&gt;<strong>30\/09 &amp; 25\/11 (18h-20h30)<\/strong><\/p>\n<p>Inscription <span style=\"text-decoration: underline;\"><strong><a href=\"https:\/\/subtile.style\/fr\/evenements\/?event=9004111228745773\">ici<\/a><\/strong><\/span><\/p>\n","protected":false},"excerpt":{"rendered":"<p>Lorsque les fleurs s\u2019\u00e9veillent, elles nous rappellent notre propre beaut\u00e9. Passant de la beaut\u00e9 de la forme (ext\u00e9rieure) \u00e0 celle de notre \u00eatre le plus profond (int\u00e9rieur), ils r\u00e9v\u00e8lent notre v\u00e9rit\u00e9. Car le beau est vrai, et les fleurs sont le miroir de l&#8217;\u00e2me. Lib\u00e9rez votre beaut\u00e9 int\u00e9rieure ! Rejoignez Vanina Gallo pour un atelier [&hellip;]<\/p>\n","protected":false},"author":1,"featured_media":9004111228745764,"comment_status":"closed","ping_status":"closed","sticky":false,"template":"","format":"standard","meta":{"_acf_changed":false,"_seopress_robots_primary_cat":"","_seopress_titles_title":"","_seopress_titles_desc":"","_seopress_robots_index":"","_surecart_dashboard_logo_width":"180px","_surecart_dashboard_show_logo":true,"_surecart_dashboard_navigation_orders":true,"_surecart_dashboard_navigation_invoices":true,"_surecart_dashboard_navigation_subscriptions":true,"_surecart_dashboard_navigation_downloads":true,"_surecart_dashboard_navigation_billing":true,"_surecart_dashboard_navigation_account":true,"footnotes":""},"categories":[226],"tags":[231,232,233,234],"class_list":["post-9004111228746628","post","type-post","status-publish","format-standard","has-post-thumbnail","hentry","category-evenements","tag-dessins","tag-peinture","tag-vanina-gallo-fr","tag-workshops-fr"],"acf":[],"_links":{"self":[{"href":"https:\/\/new.subtile.style\/index.php?rest_route=\/wp\/v2\/posts\/9004111228746628","targetHints":{"allow":["GET"]}}],"collection":[{"href":"https:\/\/new.subtile.style\/index.php?rest_route=\/wp\/v2\/posts"}],"about":[{"href":"https:\/\/new.subtile.style\/index.php?rest_route=\/wp\/v2\/types\/post"}],"author":[{"embeddable":true,"href":"https:\/\/new.subtile.style\/index.php?rest_route=\/wp\/v2\/users\/1"}],"replies":[{"embeddable":true,"href":"https:\/\/new.subtile.style\/index.php?rest_route=%2Fwp%2Fv2%2Fcomments&post=9004111228746628"}],"version-history":[{"count":0,"href":"https:\/\/new.subtile.style\/index.php?rest_route=\/wp\/v2\/posts\/9004111228746628\/revisions"}],"wp:featuredmedia":[{"embeddable":true,"href":"https:\/\/new.subtile.style\/index.php?rest_route=\/wp\/v2\/media\/9004111228745764"}],"wp:attachment":[{"href":"https:\/\/new.subtile.style\/index.php?rest_route=%2Fwp%2Fv2%2Fmedia&parent=9004111228746628"}],"wp:term":[{"taxonomy":"category","embeddable":true,"href":"https:\/\/new.subtile.style\/index.php?rest_route=%2Fwp%2Fv2%2Fcategories&post=9004111228746628"},{"taxonomy":"post_tag","embeddable":true,"href":"https:\/\/new.subtile.style\/index.php?rest_route=%2Fwp%2Fv2%2Ftags&post=9004111228746628"}],"curies":[{"name":"wp","href":"https:\/\/api.w.org\/{rel}","templated":true}]}}