{"id":9004111228746627,"date":"2025-10-13T21:13:04","date_gmt":"2025-10-13T19:13:04","guid":{"rendered":"https:\/\/subtile.style\/une-reconnaissance-retentissante-pour-massimo-beni-aux-diversity-awards-2025\/"},"modified":"2025-10-13T21:13:04","modified_gmt":"2025-10-13T19:13:04","slug":"une-reconnaissance-retentissante-pour-massimo-beni-aux-diversity-awards-2025","status":"publish","type":"post","link":"https:\/\/new.subtile.style\/?p=9004111228746627","title":{"rendered":"Une reconnaissance retentissante pour Massimo Beni aux Diversity Awards 2025 !"},"content":{"rendered":"<p>&nbsp;<\/p>\n<p>Le 6 octobre, les quatre laur\u00e9ats des <strong>Diversity Awards 2025<\/strong> se sont vu remettre une <strong>\u0153uvre originale du c\u00e9l\u00e8bre artiste luxembourgeois Massimo Beni<\/strong>. <strong>Subtile<\/strong> suit fid\u00e8lement le parcours de Massimo et <strong>est fier de pr\u00e9senter en permanence ses cr\u00e9ations \u00e9clatantes dans sa galerie<\/strong>.<\/p>\n<p>Massimo, c&#8217;est vraiment une belle reconnaissance ! Votre talent unique, associ\u00e9 aux <strong>messages symboliques profonds<\/strong> subtilement tiss\u00e9s dans vos \u0153uvres, a profond\u00e9ment r\u00e9sonn\u00e9 aupr\u00e8s d\u2019un mouvement national port\u00e9 par le <a href=\"https:\/\/mega.gouvernement.lu\/fr.html\">minist\u00e8re de l\u2019\u00c9galit\u00e9 des genres et de la Diversit\u00e9<\/a>.<\/p>\n<p>Un grand merci \u00e0<a href=\"https:\/\/imslux.lu\"> IMS Luxembourg<\/a> pour leur soutien permettant de rendre cela possible. Avec cette distinction importante, vous figurez d\u00e9sormais parmi les grandes institutions luxembourgeoises, telles que <em>CFL, A&amp;O SHEARMAN, SPUERKEESS, MINIST\u00c8RE DE LA FONCTION PUBLIQUE<\/em>, qui mettent fi\u00e8rement en valeur votre art exceptionnel.<\/p>\n<p>Comme l\u2019explique Massimo : \u00ab<em>Les formes g\u00e9om\u00e9triques forment les grandes lignes du m\u00eame dessin dans les quatre \u0153uvres. Les couleurs et quelques l\u00e9g\u00e8res variations dans les traits du visage accentuent la diversit\u00e9 des quatre bustes. <\/em><br \/>\n<em><strong>La diversit\u00e9 est relative au contexte et aux personnes auxquelles nous nous comparons. \u00ab Je suis diff\u00e9rent de qui et de quoi ? \u00bb<\/strong><\/em><\/p>\n<p><img fetchpriority=\"high\" decoding=\"async\" class=\"aligncenter wp-image-9004111228746531\" src=\"https:\/\/subtile.style\/wp-content\/uploads\/2025\/10\/54838014461_55c93924ff_c.jpg\" alt=\"Prix \u200b\u200bMassimo IMS pour la diversit\u00e9\" width=\"406\" height=\"271\"><\/p>\n<p>&nbsp;<\/p>\n<p><img decoding=\"async\" class=\"aligncenter wp-image-9004111228746533\" src=\"https:\/\/subtile.style\/wp-content\/uploads\/2025\/10\/54838014511_cffb72f76b_c.jpg\" alt=\"Prix \u200b\u200bMassimo IMS pour la diversit\u00e9\" width=\"525\" height=\"350\"><\/p>\n<p>&nbsp;<\/p>\n<p><img decoding=\"async\" class=\"aligncenter size-full wp-image-9004111228746537\" src=\"https:\/\/subtile.style\/wp-content\/uploads\/2025\/10\/54838244164_16b0c953d4_c.jpg\" alt=\"Prix \u200b\u200bMassimo IMS pour la diversit\u00e9\" width=\"799\" height=\"533\"><\/p>\n<p><img loading=\"lazy\" decoding=\"async\" class=\"aligncenter wp-image-9004111228746539\" src=\"https:\/\/subtile.style\/wp-content\/uploads\/2025\/10\/54838244324_f29430a5fd_c.jpg\" alt=\"Prix \u200b\u200bMassimo IMS pour la diversit\u00e9\" width=\"481\" height=\"321\"><\/p>\n<p><img loading=\"lazy\" decoding=\"async\" class=\"aligncenter size-full wp-image-9004111228746541\" src=\"https:\/\/subtile.style\/wp-content\/uploads\/2025\/10\/54838260823_5e03947fda_c.jpg\" alt=\"Prix \u200b\u200bMassimo IMS pour la diversit\u00e9\" width=\"799\" height=\"533\"><\/p>\n<p><img loading=\"lazy\" decoding=\"async\" class=\"aligncenter wp-image-9004111228746543\" src=\"https:\/\/subtile.style\/wp-content\/uploads\/2025\/10\/54838260888_5cf0e1c8cc_c.jpg\" alt=\"Prix \u200b\u200bMassimo IMS pour la diversit\u00e9\" width=\"585\" height=\"390\"><\/p>\n<p>Cr\u00e9dit photos @IMS Luxembourg<\/p>\n","protected":false},"excerpt":{"rendered":"<p>&nbsp; Le 6 octobre, les quatre laur\u00e9ats des Diversity Awards 2025 se sont vu remettre une \u0153uvre originale du c\u00e9l\u00e8bre artiste luxembourgeois Massimo Beni. Subtile suit fid\u00e8lement le parcours de Massimo et est fier de pr\u00e9senter en permanence ses cr\u00e9ations \u00e9clatantes dans sa galerie. Massimo, c&#8217;est vraiment une belle reconnaissance ! Votre talent unique, associ\u00e9 [&hellip;]<\/p>\n","protected":false},"author":1,"featured_media":0,"comment_status":"closed","ping_status":"closed","sticky":false,"template":"","format":"standard","meta":{"_acf_changed":false,"_seopress_robots_primary_cat":"","_seopress_titles_title":"","_seopress_titles_desc":"","_seopress_robots_index":"","_surecart_dashboard_logo_width":"180px","_surecart_dashboard_show_logo":true,"_surecart_dashboard_navigation_orders":true,"_surecart_dashboard_navigation_invoices":true,"_surecart_dashboard_navigation_subscriptions":true,"_surecart_dashboard_navigation_downloads":true,"_surecart_dashboard_navigation_billing":true,"_surecart_dashboard_navigation_account":true,"footnotes":""},"categories":[230],"tags":[229],"class_list":["post-9004111228746627","post","type-post","status-publish","format-standard","hentry","category-non-categorise","tag-massimo-beni-fr"],"acf":[],"_links":{"self":[{"href":"https:\/\/new.subtile.style\/index.php?rest_route=\/wp\/v2\/posts\/9004111228746627","targetHints":{"allow":["GET"]}}],"collection":[{"href":"https:\/\/new.subtile.style\/index.php?rest_route=\/wp\/v2\/posts"}],"about":[{"href":"https:\/\/new.subtile.style\/index.php?rest_route=\/wp\/v2\/types\/post"}],"author":[{"embeddable":true,"href":"https:\/\/new.subtile.style\/index.php?rest_route=\/wp\/v2\/users\/1"}],"replies":[{"embeddable":true,"href":"https:\/\/new.subtile.style\/index.php?rest_route=%2Fwp%2Fv2%2Fcomments&post=9004111228746627"}],"version-history":[{"count":0,"href":"https:\/\/new.subtile.style\/index.php?rest_route=\/wp\/v2\/posts\/9004111228746627\/revisions"}],"wp:attachment":[{"href":"https:\/\/new.subtile.style\/index.php?rest_route=%2Fwp%2Fv2%2Fmedia&parent=9004111228746627"}],"wp:term":[{"taxonomy":"category","embeddable":true,"href":"https:\/\/new.subtile.style\/index.php?rest_route=%2Fwp%2Fv2%2Fcategories&post=9004111228746627"},{"taxonomy":"post_tag","embeddable":true,"href":"https:\/\/new.subtile.style\/index.php?rest_route=%2Fwp%2Fv2%2Ftags&post=9004111228746627"}],"curies":[{"name":"wp","href":"https:\/\/api.w.org\/{rel}","templated":true}]}}