{"id":9004111228700426,"date":"2024-11-04T23:36:03","date_gmt":"2024-11-04T22:36:03","guid":{"rendered":"https:\/\/subtile.style\/?p=9004111228700426"},"modified":"2024-11-04T23:36:03","modified_gmt":"2024-11-04T22:36:03","slug":"still-lives-artweek-2024","status":"publish","type":"post","link":"https:\/\/new.subtile.style\/?p=9004111228700426","title":{"rendered":"How Do You See Still Life in Art? 18 artists will showcase their vision for a 2 weeks exhibition"},"content":{"rendered":"<h4 style=\"text-align: center;\"><span style=\"color: #5a7474;\"><strong>&#8220;The beauty of still life lies in the simplicity of ordinary objects, captured in a moment of serenity&#8221;<\/strong><\/span><\/h4>\n<figure id=\"attachment_9004111228700409\" aria-describedby=\"caption-attachment-9004111228700409\" style=\"width: 396px\" class=\"wp-caption aligncenter\"><img fetchpriority=\"high\" decoding=\"async\" class=\" wp-image-9004111228700409\" src=\"https:\/\/subtile.style\/wp-content\/uploads\/2025\/09\/c2-scaled-e1730747324471.jpg\" alt=\"Anthony Gralhien\" width=\"396\" height=\"527\" \/><figcaption id=\"caption-attachment-9004111228700409\" class=\"wp-caption-text\">Anthony Gralhien<\/figcaption><\/figure>\n<div class=\"xdj266r x11i5rnm xat24cr x1mh8g0r x1vvkbs\">Subtile has invited 17 artists to create a still life inspired by their own vision, with a dominant theme of yellow \u2014 evoking light, purity, gold, or even the divine. Different disciplines are represented, with a diverse and extraordinary creativity brought together by this collective: painting, photography, sculpture, ceramics, paper, textile, metal\u2026 a vibrant mix of luminous, simple, and poetic emotions awaits you from November 21st to December 1st 2024<\/div>\n<div><\/div>\n<div>\n<figure id=\"attachment_9004111228700428\" aria-describedby=\"caption-attachment-9004111228700428\" style=\"width: 327px\" class=\"wp-caption aligncenter\"><img decoding=\"async\" class=\"wp-image-9004111228700428\" src=\"https:\/\/subtile.style\/wp-content\/uploads\/2025\/09\/081-Le-bon-moment-65x50-210507-scaled-1.jpg\" alt=\"Jos\u00e9 Ebel, Le Bon Moment\" width=\"327\" height=\"475\" \/><figcaption id=\"caption-attachment-9004111228700428\" class=\"wp-caption-text\">Jos\u00e9 Ebel<\/figcaption><\/figure>\n<\/div>\n<div><\/div>\n<div class=\"x11i5rnm xat24cr x1mh8g0r x1vvkbs xtlvy1s\">Opening Party with DJ MAXDO from 7 to 11pm on 21\/11\/2024.<\/div>\n<div><\/div>\n<div>\n<div><\/div>\n<div class=\"x11i5rnm xat24cr x1mh8g0r x1vvkbs xtlvy1s\">What is your vision of still life? What do these proposed works evoke for you? Do you appreciate the color yellow in art and design? How do you see the evolution of still life in art? Come share your emotions and understanding of this style during the two weeks of our exhibition!<\/div>\n<\/div>\n<div><\/div>\n<div>\n<div class=\"x11i5rnm xat24cr x1mh8g0r x1vvkbs xtlvy1s\">With:<br class=\"html-br\" \/>Alena Gastaldi I Annaig Giquel-Donadieu I Anthony Gralhien I Christel Fournier I Galerie Damien Com\u00e9liau I H\u00e9l\u00e8ne et Jos\u00e9 Ebel I Laurence de Tapol Nesson I Lilian Mombach I Marianne Steinmetzer I Marie de Decker I Marie Versteylen I Marie-Odile Turk I Massimo Beni I Oriane Bruyat I Paule Lemmer I Phil Deken I Sandra Resende I Valentin Bony design<\/div>\n<div>\n<figure id=\"attachment_9004111228700414\" aria-describedby=\"caption-attachment-9004111228700414\" style=\"width: 489px\" class=\"wp-caption aligncenter\"><img decoding=\"async\" class=\" wp-image-9004111228700414\" src=\"https:\/\/subtile.style\/wp-content\/uploads\/2025\/09\/Graines-epineuses-V2-sml-scaled-1.jpg\" alt=\"Namibia Philippe Desquesnes\" width=\"489\" height=\"324\" \/><figcaption id=\"caption-attachment-9004111228700414\" class=\"wp-caption-text\">Philippe Desquenes, Namibia<\/figcaption><\/figure>\n<p>&nbsp;<\/p>\n<\/div>\n<div class=\"x11i5rnm xat24cr x1mh8g0r x1vvkbs xtlvy1s\"><span style=\"text-decoration: underline;\"><a href=\"https:\/\/subtile.style\/all-events\/?event=9004111228700407\">Registration Recommended for the opening Here<\/a><\/span><\/div>\n<\/div>\n<div>Exhibition from 21\/11 &#8211; 01\/12\/2024<\/div>\n","protected":false},"excerpt":{"rendered":"<p>&#8220;The beauty of still life lies in the simplicity of ordinary objects, captured in a moment of serenity&#8221; Subtile has invited 17 artists to create a still life inspired by their own vision, with a dominant theme of yellow \u2014 evoking light, purity, gold, or even the divine. Different disciplines are represented, with a diverse [&hellip;]<\/p>\n","protected":false},"author":1,"featured_media":9004111228746315,"comment_status":"closed","ping_status":"closed","sticky":false,"template":"","format":"standard","meta":{"_acf_changed":false,"_seopress_robots_primary_cat":"","_seopress_titles_title":"","_seopress_titles_desc":"","_seopress_robots_index":"","_surecart_dashboard_logo_width":"180px","_surecart_dashboard_show_logo":true,"_surecart_dashboard_navigation_orders":true,"_surecart_dashboard_navigation_invoices":true,"_surecart_dashboard_navigation_subscriptions":true,"_surecart_dashboard_navigation_downloads":true,"_surecart_dashboard_navigation_billing":true,"_surecart_dashboard_navigation_account":true,"footnotes":""},"categories":[55],"tags":[192,186,164,193,194],"class_list":["post-9004111228700426","post","type-post","status-publish","format-standard","has-post-thumbnail","hentry","category-news","tag-artweek","tag-collective-exhibition","tag-exhibition","tag-still-lives","tag-yellow"],"acf":[],"_links":{"self":[{"href":"https:\/\/new.subtile.style\/index.php?rest_route=\/wp\/v2\/posts\/9004111228700426","targetHints":{"allow":["GET"]}}],"collection":[{"href":"https:\/\/new.subtile.style\/index.php?rest_route=\/wp\/v2\/posts"}],"about":[{"href":"https:\/\/new.subtile.style\/index.php?rest_route=\/wp\/v2\/types\/post"}],"author":[{"embeddable":true,"href":"https:\/\/new.subtile.style\/index.php?rest_route=\/wp\/v2\/users\/1"}],"replies":[{"embeddable":true,"href":"https:\/\/new.subtile.style\/index.php?rest_route=%2Fwp%2Fv2%2Fcomments&post=9004111228700426"}],"version-history":[{"count":0,"href":"https:\/\/new.subtile.style\/index.php?rest_route=\/wp\/v2\/posts\/9004111228700426\/revisions"}],"wp:featuredmedia":[{"embeddable":true,"href":"https:\/\/new.subtile.style\/index.php?rest_route=\/wp\/v2\/media\/9004111228746315"}],"wp:attachment":[{"href":"https:\/\/new.subtile.style\/index.php?rest_route=%2Fwp%2Fv2%2Fmedia&parent=9004111228700426"}],"wp:term":[{"taxonomy":"category","embeddable":true,"href":"https:\/\/new.subtile.style\/index.php?rest_route=%2Fwp%2Fv2%2Fcategories&post=9004111228700426"},{"taxonomy":"post_tag","embeddable":true,"href":"https:\/\/new.subtile.style\/index.php?rest_route=%2Fwp%2Fv2%2Ftags&post=9004111228700426"}],"curies":[{"name":"wp","href":"https:\/\/api.w.org\/{rel}","templated":true}]}}