{"id":5361,"date":"2021-09-28T11:11:27","date_gmt":"2021-09-28T09:11:27","guid":{"rendered":"https:\/\/t4st352.wpengine.com\/?p=5361"},"modified":"2021-09-28T11:11:27","modified_gmt":"2021-09-28T09:11:27","slug":"jazz-sascha-ley-laurent-payfert","status":"publish","type":"post","link":"https:\/\/new.subtile.style\/?p=5361","title":{"rendered":"MU.S.ART CONCERT: JAZZ DUO CONCERT Sascha Ley &amp; Laurent Payfert"},"content":{"rendered":"<p><strong>MU.S.ART<\/strong> est le concept musical de Subtile lanc\u00e9 en juin. La musique fait partie de notre int\u00e9rieur, elle cr\u00e9e des \u00e9motions comme l&#8217;art et le design. Notre id\u00e9e est de vous plonger au sein de notre galerie et de son mobilier \u00a0et de vous laisser bercer ou animer par des artistes et des m\u00e9lodies la plupart du temps, originales.<\/p>\n<p>Au sein de leur\u00a0projet de duo, Sascha Ley &amp; Laurent Payfert d\u00e9veloppent\u00a0un dialogue d&#8217;un genre tr\u00e8s particulier. Selon l&#8217;ambiance du moment et le ressenti du public, ils laissent\u00a0un espace important \u00e0 des compositions instantan\u00e9es fusionnant avec les chansons que le\u00a0public reconna\u00eetra facilement comme famili\u00e8res; <strong>ils aiment jouer autour de la compr\u00e9hension harmonieuse de la musique, du groove et de la beaut\u00e9.<\/strong><\/p>\n<p><strong>SASCHA LEY<\/strong> combine une carri\u00e8re d&#8217;actrice et de musicienne. Cette chanteuse, compositrice, actrice et po\u00e8te polyglotte aime emprunter des chemins non conventionnels dans sa production musicale, embrassant l&#8217;improvisation libre et jazz, le folklore imaginaire, la musique contemporaine et les techniques vocales \u00e9tendues.<\/p>\n<p><strong>LAURENT PAYFERT<\/strong>, contrebassiste et compositeur fran\u00e7ais, a \u00e9t\u00e9 form\u00e9 \u00e0 la musique classique au Conservatoire de Metz (F). Apr\u00e8s avoir jou\u00e9 de la basse dans des groupes de rock et de funk, il s&#8217;est int\u00e9ress\u00e9 au jazz et \u00e0 la musique improvis\u00e9e \u00e0 la fin des ann\u00e9es 1980,\u00a0Outre le duo et son &#8220;Laurent Payfert Quartet&#8221;, il se produit en tant que sideman dans divers ensembles (par exemple Jeff Herr Corporation) et collabore avec des artistes de sc\u00e8ne et des sculpteurs.<\/p>\n<p>9 octobre\u00a02021 \u00e0 19h30<\/p>\n<p>R\u00e9servations n\u00e9cessaires.<\/p>\n<p>&nbsp;<\/p>\n<p>[vc_row row_content_width=&#8221;grid&#8221; css=&#8221;.vc_custom_1541001885510{padding-top: 93px !important;padding-bottom: 130px !important;}&#8221; simple_background_color=&#8221;#fffeee&#8221;][vc_column][eltdf_call_to_action layout=&#8221;normal&#8221; button_text=&#8221;Booking Details&#8221; button_type=&#8221;solid&#8221; button_size=&#8221;&#8221; button_link=&#8221;\/event\/jazz-concert-sascha-ley-and-laurent-payfert\/&#8221;]<\/p>\n<h3>Reservations &amp; more information<\/h3>\n<p>[\/eltdf_call_to_action][\/vc_column][\/vc_row]<\/p>\n","protected":false},"excerpt":{"rendered":"<p>MU.S.ART est le concept musical de Subtile lanc\u00e9 en juin. La musique fait partie de notre int\u00e9rieur, elle cr\u00e9e des \u00e9motions comme l&#8217;art et le design. Notre id\u00e9e est de vous plonger au sein de notre galerie et de son mobilier \u00a0et de vous laisser bercer ou animer par des artistes et des m\u00e9lodies la [&hellip;]<\/p>\n","protected":false},"author":1,"featured_media":5363,"comment_status":"closed","ping_status":"closed","sticky":false,"template":"","format":"standard","meta":{"_acf_changed":false,"_seopress_robots_primary_cat":"","_seopress_titles_title":"","_seopress_titles_desc":"","_seopress_robots_index":"","_surecart_dashboard_logo_width":"180px","_surecart_dashboard_show_logo":true,"_surecart_dashboard_navigation_orders":true,"_surecart_dashboard_navigation_invoices":true,"_surecart_dashboard_navigation_subscriptions":true,"_surecart_dashboard_navigation_downloads":true,"_surecart_dashboard_navigation_billing":true,"_surecart_dashboard_navigation_account":true,"footnotes":""},"categories":[52],"tags":[53],"class_list":["post-5361","post","type-post","status-publish","format-standard","has-post-thumbnail","hentry","category-events","tag-musicians"],"acf":[],"_links":{"self":[{"href":"https:\/\/new.subtile.style\/index.php?rest_route=\/wp\/v2\/posts\/5361","targetHints":{"allow":["GET"]}}],"collection":[{"href":"https:\/\/new.subtile.style\/index.php?rest_route=\/wp\/v2\/posts"}],"about":[{"href":"https:\/\/new.subtile.style\/index.php?rest_route=\/wp\/v2\/types\/post"}],"author":[{"embeddable":true,"href":"https:\/\/new.subtile.style\/index.php?rest_route=\/wp\/v2\/users\/1"}],"replies":[{"embeddable":true,"href":"https:\/\/new.subtile.style\/index.php?rest_route=%2Fwp%2Fv2%2Fcomments&post=5361"}],"version-history":[{"count":0,"href":"https:\/\/new.subtile.style\/index.php?rest_route=\/wp\/v2\/posts\/5361\/revisions"}],"wp:featuredmedia":[{"embeddable":true,"href":"https:\/\/new.subtile.style\/index.php?rest_route=\/wp\/v2\/media\/5363"}],"wp:attachment":[{"href":"https:\/\/new.subtile.style\/index.php?rest_route=%2Fwp%2Fv2%2Fmedia&parent=5361"}],"wp:term":[{"taxonomy":"category","embeddable":true,"href":"https:\/\/new.subtile.style\/index.php?rest_route=%2Fwp%2Fv2%2Fcategories&post=5361"},{"taxonomy":"post_tag","embeddable":true,"href":"https:\/\/new.subtile.style\/index.php?rest_route=%2Fwp%2Fv2%2Ftags&post=5361"}],"curies":[{"name":"wp","href":"https:\/\/api.w.org\/{rel}","templated":true}]}}